{"id":975,"date":"2020-05-02T16:37:53","date_gmt":"2020-05-02T15:37:53","guid":{"rendered":"https:\/\/pcll.ac-dijon.fr\/pcll\/?p=975"},"modified":"2022-11-18T17:08:37","modified_gmt":"2022-11-18T16:08:37","slug":"plateforme-apps-education","status":"publish","type":"post","link":"https:\/\/pcll.ac-dijon.fr\/pcll\/blog\/2020\/05\/plateforme-apps-education\/","title":{"rendered":"Plateforme APPS EDUCATION"},"content":{"rendered":"<div spellcheck=\"true\"><a href=\"https:\/\/pcll.ac-dijon.fr\/pcll\/wp-content\/uploads\/sites\/3\/2020\/05\/Logo-appseducation-e1588434143561.png\"><img loading=\"lazy\" decoding=\"async\" class=\"alignnone size-medium wp-image-978\" src=\"https:\/\/pcll.ac-dijon.fr\/pcll\/wp-content\/uploads\/sites\/3\/2020\/05\/Logo-appseducation-300x54.png\" alt=\"\" width=\"300\" height=\"54\" \/><\/a><\/div>\n<p id=\"magicdomid2\" class=\"ace-line primary-author-a-z75z7qmnz68zz71zz84zz74zoht63wz73z\" spellcheck=\"true\"><span class=\"author-a-z75z7qmnz68zz71zz84zz74zoht63wz73z\"><strong>Pour accompagner au quotidien l&rsquo;ensemble des agents<\/strong> du minist\u00e8re de l&rsquo;\u00c9ducation nationale et de la jeunesse et r\u00e9pondre aux besoins du travail \u00e0 distance pendant le confinement, la direction du num\u00e9rique pour l&rsquo;\u00e9ducation (DNE) a mis \u00e0 disposition une premi\u00e8re version\u00a0 de sa plateforme : <a href=\"https:\/\/apps.education.fr\">apps.education.fr<\/a><\/span><\/p>\n<p id=\"magicdomid3\" class=\"ace-line primary-author-a-z75z7qmnz68zz71zz84zz74zoht63wz73z\" spellcheck=\"true\"><span class=\"author-a-z75z7qmnz68zz71zz84zz74zoht63wz73z\"><strong>Cette version BETA\u00a0 d&rsquo;un projet<\/strong> en cours a \u00e9t\u00e9 modifi\u00e9e pour <strong>s&rsquo;adapter au contexte de crise sanitaire<\/strong> et ainsi offrir des services aux utilisateurs le plus rapidement possible. <\/span><\/p>\n[<a href=\"https:\/\/pcll.ac-dijon.fr\/pcll\/wp-content\/uploads\/sites\/3\/2020\/05\/Capture-du-2020-05-02-17-46-38.png\"><img loading=\"lazy\" decoding=\"async\" class=\"size-medium wp-image-982 aligncenter\" src=\"https:\/\/pcll.ac-dijon.fr\/pcll\/wp-content\/uploads\/sites\/3\/2020\/05\/Capture-du-2020-05-02-17-46-38-300x300.png\" alt=\"\" width=\"300\" height=\"300\" srcset=\"https:\/\/pcll.ac-dijon.fr\/pcll\/wp-content\/uploads\/sites\/3\/2020\/05\/Capture-du-2020-05-02-17-46-38-300x300.png 300w, https:\/\/pcll.ac-dijon.fr\/pcll\/wp-content\/uploads\/sites\/3\/2020\/05\/Capture-du-2020-05-02-17-46-38-150x150.png 150w, https:\/\/pcll.ac-dijon.fr\/pcll\/wp-content\/uploads\/sites\/3\/2020\/05\/Capture-du-2020-05-02-17-46-38-768x769.png 768w, https:\/\/pcll.ac-dijon.fr\/pcll\/wp-content\/uploads\/sites\/3\/2020\/05\/Capture-du-2020-05-02-17-46-38.png 907w\" sizes=\"auto, (max-width: 300px) 100vw, 300px\" \/><\/a><\/p>\n<div spellcheck=\"true\"><\/div>\n<div id=\"magicdomid4\" class=\"ace-line primary-author-a-z75z7qmnz68zz71zz84zz74zoht63wz73z\" spellcheck=\"true\"><span class=\"author-a-z75z7qmnz68zz71zz84zz74zoht63wz73z\">Apps.education.fr est <strong>une plateforme d&rsquo;applications libres<\/strong> : <a href=\"https:\/\/docs.joinpeertube.org\/#\/\">Peertube<\/a>, <a href=\"https:\/\/nextcloud.com\/\">Nextcloud<\/a>, <a href=\"https:\/\/framagit.org\/framasoft\/Etherpad\/ep_mypads\">MyPads<\/a> et <a href=\"http:\/\/etherpad.org\/\">Etherpad<\/a>, <a href=\"https:\/\/www.discourse.org\/\">Discourse<\/a>, <a href=\"https:\/\/github.com\/hackmdio\/codimd\">CodiMD<\/a> ainsi qu&rsquo;un service de blog int\u00e9gr\u00e9 \u00e0 la<a href=\"https:\/\/gitlab.mim-libre.fr\/alphabet\/laboite\"> plateforme de pr\u00e9sentation des applications (\u00ab\u00a0La Bo\u00eete\u00a0\u00bb).<\/a> <\/span><\/div>\n<div spellcheck=\"true\">\n<div spellcheck=\"true\"><\/div>\n<\/div>\n<div spellcheck=\"true\"><a href=\"https:\/\/pcll.ac-dijon.fr\/pcll\/wp-content\/uploads\/sites\/3\/2020\/05\/Capture-du-2020-05-02-17-52-18.png\"><img loading=\"lazy\" decoding=\"async\" class=\" wp-image-983 aligncenter\" src=\"https:\/\/pcll.ac-dijon.fr\/pcll\/wp-content\/uploads\/sites\/3\/2020\/05\/Capture-du-2020-05-02-17-52-18-300x145.png\" alt=\"\" width=\"515\" height=\"249\" srcset=\"https:\/\/pcll.ac-dijon.fr\/pcll\/wp-content\/uploads\/sites\/3\/2020\/05\/Capture-du-2020-05-02-17-52-18-300x145.png 300w, https:\/\/pcll.ac-dijon.fr\/pcll\/wp-content\/uploads\/sites\/3\/2020\/05\/Capture-du-2020-05-02-17-52-18-1024x493.png 1024w, https:\/\/pcll.ac-dijon.fr\/pcll\/wp-content\/uploads\/sites\/3\/2020\/05\/Capture-du-2020-05-02-17-52-18-768x370.png 768w, https:\/\/pcll.ac-dijon.fr\/pcll\/wp-content\/uploads\/sites\/3\/2020\/05\/Capture-du-2020-05-02-17-52-18-1536x740.png 1536w, https:\/\/pcll.ac-dijon.fr\/pcll\/wp-content\/uploads\/sites\/3\/2020\/05\/Capture-du-2020-05-02-17-52-18.png 1829w\" sizes=\"auto, (max-width: 515px) 100vw, 515px\" \/><\/a><\/div>\n<p id=\"magicdomid5\" class=\"ace-line primary-author-a-z75z7qmnz68zz71zz84zz74zoht63wz73z\" spellcheck=\"true\"><span class=\"author-a-z75z7qmnz68zz71zz84zz74zoht63wz73z\">Initialement, le projet visait un h\u00e9bergement sur les infra-structures du MEN, et une identit\u00e9 centralis\u00e9s, mais pour livrer rapidement sans at<\/span><span class=\"author-a-z75z7qmnz68zz71zz84zz74zoht63wz73z\">tendre certains pr\u00e9requis du projet initial, le projet Apps a <strong>opt\u00e9 pour un h\u00e9bergement temporaire externalis\u00e9<\/strong> sur des infrastructures cloud d&rsquo;<a href=\"https:\/\/www.ovh.com\/fr\/\">OVH<\/a> et <a href=\"https:\/\/www.scaleway.com\/\">Scaleway<\/a>. <\/span><\/p>\n<div spellcheck=\"true\"><\/div>\n<p id=\"magicdomid6\" class=\"ace-line primary-author-a-z75z7qmnz68zz71zz84zz74zoht63wz73z\" spellcheck=\"true\"><span class=\"author-a-z75z7qmnz68zz71zz84zz74zoht63wz73z\"><strong>Le projet initial<\/strong> visait \u00e9galement que <strong>chaque application<\/strong> du catalogue g\u00e9n\u00e9ral soit <strong>exploit\u00e9e par une acad\u00e9mie diff\u00e9rente<\/strong>. Cela a pu \u00eatre mis en place dans le cadre de l&rsquo;appel \u00e0<strong> projet lanc\u00e9 \u00e0 l&rsquo;automne 2019<\/strong>, une vingtaine de projet d\u00e9pos\u00e9s avec une premi\u00e8re s\u00e9lection portant sur Nextcloud (DSI de l&rsquo;acad\u00e9mie de Versailles et de la Guyane) et Peertube (DSI de la R\u00e9gion acad\u00e9mique Grand-Est), le <strong>projet Apps<\/strong> est \u00e0 la<strong> recherche de porteurs techniques<\/strong> pour d&rsquo;autres applications du catalogue qui ont \u00e9t\u00e9 retenues mais sans \u00e9quipes de DSI.<br \/>\n<\/span><\/p>\n<p id=\"magicdomid7\" class=\"ace-line primary-author-a-hpaz85zpz89zz77zqz85zz88zpz90zz78zhkz74z\" spellcheck=\"true\"><span class=\"author-a-hpaz85zpz89zz77zqz85zz88zpz90zz78zhkz74z\">Le s<\/span><span class=\"author-a-z75z7qmnz68zz71zz84zz74zoht63wz73z\">ite web<\/span><span class=\"author-a-hpaz85zpz89zz77zqz85zz88zpz90zz78zhkz74z\"> de <a href=\"https:\/\/apps.education.fr\/\">pr\u00e9sentation<\/a> du projet a \u00e9t\u00e9 d\u00e9velopp\u00e9 par la DSI de l&rsquo;acad\u00e9mie de Lyon.<\/span><\/p>\n<div spellcheck=\"true\"><img loading=\"lazy\" decoding=\"async\" class=\" wp-image-655 aligncenter\" src=\"https:\/\/www.mim-libre.fr\/wp-content\/uploads\/2020\/04\/Screenshot_2020-04-29-Apps-education-fr-Accueil-300x218.png\" alt=\"apps.education.fr\" width=\"631\" height=\"458\" \/><\/div>\n<div spellcheck=\"true\"><\/div>\n<p id=\"magicdomid8\" class=\"ace-line primary-author-a-hpaz85zpz89zz77zqz85zz88zpz90zz78zhkz74z\" spellcheck=\"true\"><span class=\"author-a-hpaz85zpz89zz77zqz85zz88zpz90zz78zhkz74z\">Des DSI d&rsquo;autres acad\u00e9mies, notamment Poitiers et Saint-Pierre-et-Miquelon, ont pris en charge pour cette b<\/span><span class=\"author-a-z75z7qmnz68zz71zz84zz74zoht63wz73z\">e<\/span><span class=\"author-a-hpaz85zpz89zz77zqz85zz88zpz90zz78zhkz74z\">ta la <strong>mise en place de la supervision<\/strong>, bas\u00e9 sur les logiciels <a href=\"https:\/\/prometheus.io\/\">Prometheus<\/a> et <a href=\"https:\/\/grafana.com\/\">Grafana<\/a>.<\/span><\/p>\n<div spellcheck=\"true\"><\/div>\n<div spellcheck=\"true\">\n<p><img loading=\"lazy\" decoding=\"async\" class=\"wp-image-650 aligncenter\" src=\"https:\/\/www.mim-libre.fr\/wp-content\/uploads\/2020\/04\/Screenshot_2020-04-29-Hosts-Grafana-300x178.png\" alt=\"M\u00e9trique Grafana\" width=\"750\" height=\"445\" \/><\/p>\n<\/div>\n<p id=\"magicdomid9\" class=\"ace-line primary-author-a-hpaz85zpz89zz77zqz85zz88zpz90zz78zhkz74z\" spellcheck=\"true\"><span class=\"author-a-hpaz85zpz89zz77zqz85zz88zpz90zz78zhkz74z\">Et des personnels de plusieurs des acad\u00e9mies comme celle de Guyane, Lyon, Grenoble<\/span><span class=\"author-a-z75z7qmnz68zz71zz84zz74zoht63wz73z\">, Corse, Montpellier, Orl\u00e9ans-Tours, Versailles<\/span><span class=\"author-a-hpaz85zpz89zz77zqz85zz88zpz90zz78zhkz74z\"> ont travaill\u00e9 \u00e0<a href=\"https:\/\/codi-education.beta.education.fr\/s\/gNC75irQB#\"> l&rsquo;\u00e9laboration des documents d&rsquo;accompagnement<\/a><\/span><span class=\"author-a-z75z7qmnz68zz71zz84zz74zoht63wz73z\"> (en se coordonnant via des canaux <a href=\"https:\/\/www.tchap.gouv.fr\/\">Tchap<\/a> et en r\u00e9digeant \u00e0 l&rsquo;aide des Pads)<\/span><span class=\"author-a-hpaz85zpz89zz77zqz85zz88zpz90zz78zhkz74z\">.<\/span><\/p>\n<p id=\"magicdomid10\" class=\"ace-line primary-author-a-z75z7qmnz68zz71zz84zz74zoht63wz73z\" spellcheck=\"true\"><span class=\"author-a-z75z7qmnz68zz71zz84zz74zoht63wz73z\"><strong>Les \u00e9quipes du projet Apps<\/strong> vont d\u00e8s maintenant <strong>travailler \u00e0 la p\u00e9rennisation technique et organisationnelle<\/strong> de cette offre de service, avec la possibilit\u00e9 d&rsquo;\u00e9prouver les usages r\u00e9els \u00e0 grande \u00e9chelle dans le cadre du confinement.<\/span><\/p>\n<div spellcheck=\"true\"><\/div>\n<div spellcheck=\"true\"><\/div>\n<div id=\"magicdomid12\" class=\"ace-line primary-author-a-z75z7qmnz68zz71zz84zz74zoht63wz73z\" spellcheck=\"true\"><span class=\"author-a-z75z7qmnz68zz71zz84zz74zoht63wz73z\">Le projet b\u00e9n\u00e9ficie des investissements d&rsquo;avenir avec la pr\u00e9sence de <strong>deux Designers d&rsquo;Int\u00e9r\u00eat G\u00e9n\u00e9ral<\/strong> cette ann\u00e9e : <\/span><span class=\"author-a-z75z7qmnz68zz71zz84zz74zoht63wz73z url\"><a href=\"https:\/\/entrepreneur-interet-general.etalab.gouv.fr\/defis\/2019\/alphabet.html\" rel=\"noreferrer noopener\">https:\/\/entrepreneur-interet-general.etalab.gouv.fr\/defis\/2019\/alphabet.html<\/a><\/span><\/div>\n<div spellcheck=\"true\"><\/div>\n<div spellcheck=\"true\"><\/div>\n<div id=\"magicdomid13\" class=\"ace-line primary-author-a-hpaz85zpz89zz77zqz85zz88zpz90zz78zhkz74z\" spellcheck=\"true\"><span class=\"author-a-hpaz85zpz89zz77zqz85zz88zpz90zz78zhkz74z\">Ce projet est coordonn\u00e9 par <\/span><span class=\"author-a-z85zz70zz75zqtz86zz71zkz85zr7z122zz84zz79zz90za\">une <\/span><span class=\"author-a-hpaz85zpz89zz77zqz85zz88zpz90zz78zhkz74z\">\u00e9quipe de la Direction du Num\u00e9rique <\/span><span class=\"author-a-z75z7qmnz68zz71zz84zz74zoht63wz73z\">pour l&rsquo;\u00c9ducation<\/span> <span class=\"author-a-z85zz70zz75zqtz86zz71zkz85zr7z122zz84zz79zz90za\"> en collaboration avec <\/span><a href=\"https:\/\/pcll.ac-dijon.fr\/eole\/\"><span class=\"author-a-hpaz85zpz89zz77zqz85zz88zpz90zz78zhkz74z\"> l&rsquo;\u00e9quipe du P\u00f4le National Logiciels Libres\/EOLE, <\/span><\/a><\/div>\n<div spellcheck=\"true\">\n<h3 id=\"magicdomid11\" class=\"ace-line primary-author-a-z75z7qmnz68zz71zz84zz74zoht63wz73z\" spellcheck=\"true\"><span class=\"author-a-z75z7qmnz68zz71zz84zz74zoht63wz73z\">Le code de \u00ab\u00a0La Bo\u00eete\u00a0\u00bb<\/span>\u00a0 et les fichiers docker-compose des applications g\u00e9r\u00e9es par docker <span class=\"author-a-hpaz85zpz89zz77zqz85zz88zpz90zz78zhkz74z\">sont <\/span><span class=\"author-a-z75z7qmnz68zz71zz84zz74zoht63wz73z\"> disponibles<\/span><span class=\"author-a-hpaz85zpz89zz77zqz85zz88zpz90zz78zhkz74z\">\u00a0 sur<\/span> <span class=\"author-a-z75z7qmnz68zz71zz84zz74zoht63wz73z url\"><a href=\"https:\/\/gitlab.mim-libre.fr\/alphabet\" rel=\"noreferrer noopener\">https:\/\/gitlab.mim-libre.fr\/alphabet\/<\/a> ainsi que les recettes saltstack pour d\u00e9ployer le forum Discourse <a href=\"https:\/\/gitlab.mim-libre.fr\/la-crise\/discourse-formula\">https:\/\/gitlab.mim-libre.fr\/la-crise\/discourse-formula<\/a><\/span><\/h3>\n<\/div>\n<div spellcheck=\"true\"><\/div>\n<div spellcheck=\"true\"><\/div>\n<div spellcheck=\"true\"><\/div>\n<div id=\"magicdomid14\" class=\"ace-line primary-none\" spellcheck=\"true\"><\/div>\n<div id=\"magicdomid50\" class=\"ace-line primary-none\" spellcheck=\"true\"><\/div>\n","protected":false},"excerpt":{"rendered":"<p>La direction du num\u00e9rique pour l&rsquo;\u00e9ducation (DNE) a mis \u00e0 disposition une premi\u00e8re version\u00a0 de sa plateforme : apps.education.fr<\/p>\n","protected":false},"author":1,"featured_media":978,"comment_status":"closed","ping_status":"open","sticky":false,"template":"","format":"standard","meta":{"_acf_changed":false,"footnotes":""},"categories":[1],"tags":[17],"class_list":["post-975","post","type-post","status-publish","format-standard","has-post-thumbnail","hentry","category-non-classe","tag-apps-education"],"acf":[],"yoast_head":"<!-- This site is optimized with the Yoast SEO plugin v27.1.1 - https:\/\/yoast.com\/product\/yoast-seo-wordpress\/ -->\n<title>Plateforme APPS EDUCATION - P\u00f4le Logiciels Libres<\/title>\n<meta name=\"description\" content=\"La direction du num\u00e9rique pour l&#039;\u00e9ducation (DNE) a mis \u00e0 disposition une premi\u00e8re version\u00a0 de sa plateforme : apps.education.fr\" \/>\n<meta name=\"robots\" content=\"index, follow, max-snippet:-1, max-image-preview:large, max-video-preview:-1\" \/>\n<link rel=\"canonical\" href=\"https:\/\/pcll.ac-dijon.fr\/pcll\/blog\/2020\/05\/plateforme-apps-education\/\" \/>\n<meta property=\"og:locale\" content=\"fr_FR\" \/>\n<meta property=\"og:type\" content=\"article\" \/>\n<meta property=\"og:title\" content=\"Plateforme APPS EDUCATION - P\u00f4le Logiciels Libres\" \/>\n<meta property=\"og:description\" content=\"La direction du num\u00e9rique pour l&#039;\u00e9ducation (DNE) a mis \u00e0 disposition une premi\u00e8re version\u00a0 de sa plateforme : apps.education.fr\" \/>\n<meta property=\"og:url\" content=\"https:\/\/pcll.ac-dijon.fr\/pcll\/blog\/2020\/05\/plateforme-apps-education\/\" \/>\n<meta property=\"og:site_name\" content=\"P\u00f4le Logiciels Libres\" \/>\n<meta property=\"article:published_time\" content=\"2020-05-02T15:37:53+00:00\" \/>\n<meta property=\"article:modified_time\" content=\"2022-11-18T16:08:37+00:00\" \/>\n<meta property=\"og:image\" content=\"https:\/\/pcll.ac-dijon.fr\/pcll\/wp-content\/uploads\/sites\/3\/2020\/05\/Logo-appseducation-e1588434143561.png\" \/>\n\t<meta property=\"og:image:width\" content=\"200\" \/>\n\t<meta property=\"og:image:height\" content=\"36\" \/>\n\t<meta property=\"og:image:type\" content=\"image\/png\" \/>\n<meta name=\"author\" content=\"Luc Bourdot\" \/>\n<meta name=\"twitter:card\" content=\"summary_large_image\" \/>\n<meta name=\"twitter:label1\" content=\"\u00c9crit par\" \/>\n\t<meta name=\"twitter:data1\" content=\"Luc Bourdot\" \/>\n\t<meta name=\"twitter:label2\" content=\"Dur\u00e9e de lecture estim\u00e9e\" \/>\n\t<meta name=\"twitter:data2\" content=\"2 minutes\" \/>\n<script type=\"application\/ld+json\" class=\"yoast-schema-graph\">{\"@context\":\"https:\/\/schema.org\",\"@graph\":[{\"@type\":\"Article\",\"@id\":\"https:\/\/pcll.ac-dijon.fr\/pcll\/blog\/2020\/05\/plateforme-apps-education\/#article\",\"isPartOf\":{\"@id\":\"https:\/\/pcll.ac-dijon.fr\/pcll\/blog\/2020\/05\/plateforme-apps-education\/\"},\"author\":{\"name\":\"Luc Bourdot\",\"@id\":\"https:\/\/pcll.ac-dijon.fr\/pcll\/#\/schema\/person\/44c4b111638ca2a22e7d76fd9a48f25e\"},\"headline\":\"Plateforme APPS EDUCATION\",\"datePublished\":\"2020-05-02T15:37:53+00:00\",\"dateModified\":\"2022-11-18T16:08:37+00:00\",\"mainEntityOfPage\":{\"@id\":\"https:\/\/pcll.ac-dijon.fr\/pcll\/blog\/2020\/05\/plateforme-apps-education\/\"},\"wordCount\":491,\"image\":{\"@id\":\"https:\/\/pcll.ac-dijon.fr\/pcll\/blog\/2020\/05\/plateforme-apps-education\/#primaryimage\"},\"thumbnailUrl\":\"https:\/\/pcll.ac-dijon.fr\/pcll\/wp-content\/uploads\/sites\/3\/2020\/05\/Logo-appseducation-e1588434143561.png\",\"keywords\":[\"apps-education\"],\"inLanguage\":\"fr-FR\"},{\"@type\":\"WebPage\",\"@id\":\"https:\/\/pcll.ac-dijon.fr\/pcll\/blog\/2020\/05\/plateforme-apps-education\/\",\"url\":\"https:\/\/pcll.ac-dijon.fr\/pcll\/blog\/2020\/05\/plateforme-apps-education\/\",\"name\":\"Plateforme APPS EDUCATION - P\u00f4le Logiciels Libres\",\"isPartOf\":{\"@id\":\"https:\/\/pcll.ac-dijon.fr\/pcll\/#website\"},\"primaryImageOfPage\":{\"@id\":\"https:\/\/pcll.ac-dijon.fr\/pcll\/blog\/2020\/05\/plateforme-apps-education\/#primaryimage\"},\"image\":{\"@id\":\"https:\/\/pcll.ac-dijon.fr\/pcll\/blog\/2020\/05\/plateforme-apps-education\/#primaryimage\"},\"thumbnailUrl\":\"https:\/\/pcll.ac-dijon.fr\/pcll\/wp-content\/uploads\/sites\/3\/2020\/05\/Logo-appseducation-e1588434143561.png\",\"datePublished\":\"2020-05-02T15:37:53+00:00\",\"dateModified\":\"2022-11-18T16:08:37+00:00\",\"author\":{\"@id\":\"https:\/\/pcll.ac-dijon.fr\/pcll\/#\/schema\/person\/44c4b111638ca2a22e7d76fd9a48f25e\"},\"description\":\"La direction du num\u00e9rique pour l'\u00e9ducation (DNE) a mis \u00e0 disposition une premi\u00e8re version\u00a0 de sa plateforme : apps.education.fr\",\"breadcrumb\":{\"@id\":\"https:\/\/pcll.ac-dijon.fr\/pcll\/blog\/2020\/05\/plateforme-apps-education\/#breadcrumb\"},\"inLanguage\":\"fr-FR\",\"potentialAction\":[{\"@type\":\"ReadAction\",\"target\":[\"https:\/\/pcll.ac-dijon.fr\/pcll\/blog\/2020\/05\/plateforme-apps-education\/\"]}]},{\"@type\":\"ImageObject\",\"inLanguage\":\"fr-FR\",\"@id\":\"https:\/\/pcll.ac-dijon.fr\/pcll\/blog\/2020\/05\/plateforme-apps-education\/#primaryimage\",\"url\":\"https:\/\/pcll.ac-dijon.fr\/pcll\/wp-content\/uploads\/sites\/3\/2020\/05\/Logo-appseducation-e1588434143561.png\",\"contentUrl\":\"https:\/\/pcll.ac-dijon.fr\/pcll\/wp-content\/uploads\/sites\/3\/2020\/05\/Logo-appseducation-e1588434143561.png\",\"width\":200,\"height\":36},{\"@type\":\"BreadcrumbList\",\"@id\":\"https:\/\/pcll.ac-dijon.fr\/pcll\/blog\/2020\/05\/plateforme-apps-education\/#breadcrumb\",\"itemListElement\":[{\"@type\":\"ListItem\",\"position\":1,\"name\":\"Accueil\",\"item\":\"https:\/\/pcll.ac-dijon.fr\/pcll\/\"},{\"@type\":\"ListItem\",\"position\":2,\"name\":\"Plateforme APPS EDUCATION\"}]},{\"@type\":\"WebSite\",\"@id\":\"https:\/\/pcll.ac-dijon.fr\/pcll\/#website\",\"url\":\"https:\/\/pcll.ac-dijon.fr\/pcll\/\",\"name\":\"P\u00f4le Logiciels Libres\",\"description\":\"Ensemble Ouvert Libre Evolutif\",\"potentialAction\":[{\"@type\":\"SearchAction\",\"target\":{\"@type\":\"EntryPoint\",\"urlTemplate\":\"https:\/\/pcll.ac-dijon.fr\/pcll\/?s={search_term_string}\"},\"query-input\":{\"@type\":\"PropertyValueSpecification\",\"valueRequired\":true,\"valueName\":\"search_term_string\"}}],\"inLanguage\":\"fr-FR\"},{\"@type\":\"Person\",\"@id\":\"https:\/\/pcll.ac-dijon.fr\/pcll\/#\/schema\/person\/44c4b111638ca2a22e7d76fd9a48f25e\",\"name\":\"Luc Bourdot\",\"image\":{\"@type\":\"ImageObject\",\"inLanguage\":\"fr-FR\",\"@id\":\"https:\/\/pcll.ac-dijon.fr\/pcll\/#\/schema\/person\/image\/\",\"url\":\"https:\/\/secure.gravatar.com\/avatar\/a5d9e34243af9ae99addd072493e93573f7be7e07903fe5e1a0e4e2c688f0739?s=96&d=mm&r=g\",\"contentUrl\":\"https:\/\/secure.gravatar.com\/avatar\/a5d9e34243af9ae99addd072493e93573f7be7e07903fe5e1a0e4e2c688f0739?s=96&d=mm&r=g\",\"caption\":\"Luc Bourdot\"},\"url\":\"https:\/\/pcll.ac-dijon.fr\/pcll\/blog\/author\/admin-eole\/\"}]}<\/script>\n<!-- \/ Yoast SEO plugin. -->","yoast_head_json":{"title":"Plateforme APPS EDUCATION - P\u00f4le Logiciels Libres","description":"La direction du num\u00e9rique pour l'\u00e9ducation (DNE) a mis \u00e0 disposition une premi\u00e8re version\u00a0 de sa plateforme : apps.education.fr","robots":{"index":"index","follow":"follow","max-snippet":"max-snippet:-1","max-image-preview":"max-image-preview:large","max-video-preview":"max-video-preview:-1"},"canonical":"https:\/\/pcll.ac-dijon.fr\/pcll\/blog\/2020\/05\/plateforme-apps-education\/","og_locale":"fr_FR","og_type":"article","og_title":"Plateforme APPS EDUCATION - P\u00f4le Logiciels Libres","og_description":"La direction du num\u00e9rique pour l'\u00e9ducation (DNE) a mis \u00e0 disposition une premi\u00e8re version\u00a0 de sa plateforme : apps.education.fr","og_url":"https:\/\/pcll.ac-dijon.fr\/pcll\/blog\/2020\/05\/plateforme-apps-education\/","og_site_name":"P\u00f4le Logiciels Libres","article_published_time":"2020-05-02T15:37:53+00:00","article_modified_time":"2022-11-18T16:08:37+00:00","og_image":[{"width":200,"height":36,"url":"https:\/\/pcll.ac-dijon.fr\/pcll\/wp-content\/uploads\/sites\/3\/2020\/05\/Logo-appseducation-e1588434143561.png","type":"image\/png"}],"author":"Luc Bourdot","twitter_card":"summary_large_image","twitter_misc":{"\u00c9crit par":"Luc Bourdot","Dur\u00e9e de lecture estim\u00e9e":"2 minutes"},"schema":{"@context":"https:\/\/schema.org","@graph":[{"@type":"Article","@id":"https:\/\/pcll.ac-dijon.fr\/pcll\/blog\/2020\/05\/plateforme-apps-education\/#article","isPartOf":{"@id":"https:\/\/pcll.ac-dijon.fr\/pcll\/blog\/2020\/05\/plateforme-apps-education\/"},"author":{"name":"Luc Bourdot","@id":"https:\/\/pcll.ac-dijon.fr\/pcll\/#\/schema\/person\/44c4b111638ca2a22e7d76fd9a48f25e"},"headline":"Plateforme APPS EDUCATION","datePublished":"2020-05-02T15:37:53+00:00","dateModified":"2022-11-18T16:08:37+00:00","mainEntityOfPage":{"@id":"https:\/\/pcll.ac-dijon.fr\/pcll\/blog\/2020\/05\/plateforme-apps-education\/"},"wordCount":491,"image":{"@id":"https:\/\/pcll.ac-dijon.fr\/pcll\/blog\/2020\/05\/plateforme-apps-education\/#primaryimage"},"thumbnailUrl":"https:\/\/pcll.ac-dijon.fr\/pcll\/wp-content\/uploads\/sites\/3\/2020\/05\/Logo-appseducation-e1588434143561.png","keywords":["apps-education"],"inLanguage":"fr-FR"},{"@type":"WebPage","@id":"https:\/\/pcll.ac-dijon.fr\/pcll\/blog\/2020\/05\/plateforme-apps-education\/","url":"https:\/\/pcll.ac-dijon.fr\/pcll\/blog\/2020\/05\/plateforme-apps-education\/","name":"Plateforme APPS EDUCATION - P\u00f4le Logiciels Libres","isPartOf":{"@id":"https:\/\/pcll.ac-dijon.fr\/pcll\/#website"},"primaryImageOfPage":{"@id":"https:\/\/pcll.ac-dijon.fr\/pcll\/blog\/2020\/05\/plateforme-apps-education\/#primaryimage"},"image":{"@id":"https:\/\/pcll.ac-dijon.fr\/pcll\/blog\/2020\/05\/plateforme-apps-education\/#primaryimage"},"thumbnailUrl":"https:\/\/pcll.ac-dijon.fr\/pcll\/wp-content\/uploads\/sites\/3\/2020\/05\/Logo-appseducation-e1588434143561.png","datePublished":"2020-05-02T15:37:53+00:00","dateModified":"2022-11-18T16:08:37+00:00","author":{"@id":"https:\/\/pcll.ac-dijon.fr\/pcll\/#\/schema\/person\/44c4b111638ca2a22e7d76fd9a48f25e"},"description":"La direction du num\u00e9rique pour l'\u00e9ducation (DNE) a mis \u00e0 disposition une premi\u00e8re version\u00a0 de sa plateforme : apps.education.fr","breadcrumb":{"@id":"https:\/\/pcll.ac-dijon.fr\/pcll\/blog\/2020\/05\/plateforme-apps-education\/#breadcrumb"},"inLanguage":"fr-FR","potentialAction":[{"@type":"ReadAction","target":["https:\/\/pcll.ac-dijon.fr\/pcll\/blog\/2020\/05\/plateforme-apps-education\/"]}]},{"@type":"ImageObject","inLanguage":"fr-FR","@id":"https:\/\/pcll.ac-dijon.fr\/pcll\/blog\/2020\/05\/plateforme-apps-education\/#primaryimage","url":"https:\/\/pcll.ac-dijon.fr\/pcll\/wp-content\/uploads\/sites\/3\/2020\/05\/Logo-appseducation-e1588434143561.png","contentUrl":"https:\/\/pcll.ac-dijon.fr\/pcll\/wp-content\/uploads\/sites\/3\/2020\/05\/Logo-appseducation-e1588434143561.png","width":200,"height":36},{"@type":"BreadcrumbList","@id":"https:\/\/pcll.ac-dijon.fr\/pcll\/blog\/2020\/05\/plateforme-apps-education\/#breadcrumb","itemListElement":[{"@type":"ListItem","position":1,"name":"Accueil","item":"https:\/\/pcll.ac-dijon.fr\/pcll\/"},{"@type":"ListItem","position":2,"name":"Plateforme APPS EDUCATION"}]},{"@type":"WebSite","@id":"https:\/\/pcll.ac-dijon.fr\/pcll\/#website","url":"https:\/\/pcll.ac-dijon.fr\/pcll\/","name":"P\u00f4le Logiciels Libres","description":"Ensemble Ouvert Libre Evolutif","potentialAction":[{"@type":"SearchAction","target":{"@type":"EntryPoint","urlTemplate":"https:\/\/pcll.ac-dijon.fr\/pcll\/?s={search_term_string}"},"query-input":{"@type":"PropertyValueSpecification","valueRequired":true,"valueName":"search_term_string"}}],"inLanguage":"fr-FR"},{"@type":"Person","@id":"https:\/\/pcll.ac-dijon.fr\/pcll\/#\/schema\/person\/44c4b111638ca2a22e7d76fd9a48f25e","name":"Luc Bourdot","image":{"@type":"ImageObject","inLanguage":"fr-FR","@id":"https:\/\/pcll.ac-dijon.fr\/pcll\/#\/schema\/person\/image\/","url":"https:\/\/secure.gravatar.com\/avatar\/a5d9e34243af9ae99addd072493e93573f7be7e07903fe5e1a0e4e2c688f0739?s=96&d=mm&r=g","contentUrl":"https:\/\/secure.gravatar.com\/avatar\/a5d9e34243af9ae99addd072493e93573f7be7e07903fe5e1a0e4e2c688f0739?s=96&d=mm&r=g","caption":"Luc Bourdot"},"url":"https:\/\/pcll.ac-dijon.fr\/pcll\/blog\/author\/admin-eole\/"}]}},"jetpack_featured_media_url":"https:\/\/pcll.ac-dijon.fr\/pcll\/wp-content\/uploads\/sites\/3\/2020\/05\/Logo-appseducation-e1588434143561.png","_links":{"self":[{"href":"https:\/\/pcll.ac-dijon.fr\/pcll\/wp-json\/wp\/v2\/posts\/975","targetHints":{"allow":["GET"]}}],"collection":[{"href":"https:\/\/pcll.ac-dijon.fr\/pcll\/wp-json\/wp\/v2\/posts"}],"about":[{"href":"https:\/\/pcll.ac-dijon.fr\/pcll\/wp-json\/wp\/v2\/types\/post"}],"author":[{"embeddable":true,"href":"https:\/\/pcll.ac-dijon.fr\/pcll\/wp-json\/wp\/v2\/users\/1"}],"replies":[{"embeddable":true,"href":"https:\/\/pcll.ac-dijon.fr\/pcll\/wp-json\/wp\/v2\/comments?post=975"}],"version-history":[{"count":13,"href":"https:\/\/pcll.ac-dijon.fr\/pcll\/wp-json\/wp\/v2\/posts\/975\/revisions"}],"predecessor-version":[{"id":1049,"href":"https:\/\/pcll.ac-dijon.fr\/pcll\/wp-json\/wp\/v2\/posts\/975\/revisions\/1049"}],"wp:featuredmedia":[{"embeddable":true,"href":"https:\/\/pcll.ac-dijon.fr\/pcll\/wp-json\/wp\/v2\/media\/978"}],"wp:attachment":[{"href":"https:\/\/pcll.ac-dijon.fr\/pcll\/wp-json\/wp\/v2\/media?parent=975"}],"wp:term":[{"taxonomy":"category","embeddable":true,"href":"https:\/\/pcll.ac-dijon.fr\/pcll\/wp-json\/wp\/v2\/categories?post=975"},{"taxonomy":"post_tag","embeddable":true,"href":"https:\/\/pcll.ac-dijon.fr\/pcll\/wp-json\/wp\/v2\/tags?post=975"}],"curies":[{"name":"wp","href":"https:\/\/api.w.org\/{rel}","templated":true}]}}