{"id":432,"date":"2015-06-09T13:39:37","date_gmt":"2015-06-09T12:39:37","guid":{"rendered":"https:\/\/platon.ac-dijon.fr\/wordpress\/?p=432"},"modified":"2015-07-01T09:36:09","modified_gmt":"2015-07-01T08:36:09","slug":"nouveaux-logos","status":"publish","type":"post","link":"https:\/\/pcll.ac-dijon.fr\/eole\/nouveaux-logos\/","title":{"rendered":"Nouveaux logos !"},"content":{"rendered":"<p><strong>Le p\u00f4le de Comp\u00e9tence Logiciels Libres est heureux de vous annoncer ses deux nouveaux logos.<\/strong><\/p>\n<p>Le premier changement concerne le logo EOLE. Celui-ci \u00e9tant en place depuis plusieurs ann\u00e9e, il a permis \u00e0 de nombreuses personnes de le voir, de le m\u00e9moriser et de l&rsquo;associer \u00e0 l&rsquo;\u00e9quipe en charge du d\u00e9veloppement. Une refonte, l\u00e9g\u00e8re mais visible, \u00e9tait n\u00e9cessaire afin de correpondre aux valeurs actuelles de EOLE.<\/p>\n<p style=\"text-align: center;\"><a href=\"https:\/\/platon.ac-dijon.fr\/wordpress\/wp-content\/uploads\/2015\/04\/logoEoleMai.png\"><img loading=\"lazy\" decoding=\"async\" class=\"alignnone size-full wp-image-330\" src=\"https:\/\/platon.ac-dijon.fr\/wordpress\/wp-content\/uploads\/2015\/04\/logoEoleMai.png\" alt=\"logoEoleMai\" width=\"289\" height=\"106\" \/><\/a><\/p>\n<p>De plus, \u00e0 l&rsquo;occasion du renommage du P\u00f4le de Comp\u00e9tences EOLE, un nouveau logo a \u00e9t\u00e9 cr\u00e9\u00e9 afin de repr\u00e9senter ce changement et de partager les valeurs du \u00a0P\u00f4le de Comp\u00e9tences Logiciels Libres.<br \/>\n<a href=\"https:\/\/platon.ac-dijon.fr\/wordpress\/wp-content\/uploads\/2015\/06\/LogoPLLMy.png\"><img loading=\"lazy\" decoding=\"async\" class=\" size-medium wp-image-434 aligncenter\" src=\"https:\/\/platon.ac-dijon.fr\/wordpress\/wp-content\/uploads\/2015\/06\/LogoPLLMy.png\" alt=\"LogoPLLMy\" width=\"299\" height=\"163\" \/><\/a><\/p>\n","protected":false},"excerpt":{"rendered":"<p>Le p\u00f4le de Comp\u00e9tence Logiciels Libres est heureux de vous annoncer ses deux nouveaux logos. Le premier changement concerne le logo EOLE. Celui-ci \u00e9tant en place depuis plusieurs ann\u00e9e, il a permis \u00e0 de nombreuses personnes de le voir, de le m\u00e9moriser et de l&rsquo;associer \u00e0 l&rsquo;\u00e9quipe en charge du d\u00e9veloppement. Une refonte, l\u00e9g\u00e8re mais [&hellip;]<\/p>\n","protected":false},"author":1,"featured_media":0,"comment_status":"closed","ping_status":"open","sticky":false,"template":"","format":"standard","meta":{"_acf_changed":false,"footnotes":""},"categories":[2],"tags":[],"class_list":["post-432","post","type-post","status-publish","format-standard","hentry","category-evenements"],"acf":[],"yoast_head":"<!-- This site is optimized with the Yoast SEO plugin v27.1.1 - https:\/\/yoast.com\/product\/yoast-seo-wordpress\/ -->\n<title>Nouveaux logos pour Eole et le P\u00f4le Logiciels Libres<\/title>\n<meta name=\"robots\" content=\"index, follow, max-snippet:-1, max-image-preview:large, max-video-preview:-1\" \/>\n<link rel=\"canonical\" href=\"https:\/\/pcll.ac-dijon.fr\/eole\/nouveaux-logos\/\" \/>\n<meta property=\"og:locale\" content=\"fr_FR\" \/>\n<meta property=\"og:type\" content=\"article\" \/>\n<meta property=\"og:title\" content=\"Nouveaux logos pour Eole et le P\u00f4le Logiciels Libres\" \/>\n<meta property=\"og:description\" content=\"Le p\u00f4le de Comp\u00e9tence Logiciels Libres est heureux de vous annoncer ses deux nouveaux logos. Le premier changement concerne le logo EOLE. Celui-ci \u00e9tant en place depuis plusieurs ann\u00e9e, il a permis \u00e0 de nombreuses personnes de le voir, de le m\u00e9moriser et de l&rsquo;associer \u00e0 l&rsquo;\u00e9quipe en charge du d\u00e9veloppement. Une refonte, l\u00e9g\u00e8re mais [&hellip;]\" \/>\n<meta property=\"og:url\" content=\"https:\/\/pcll.ac-dijon.fr\/eole\/nouveaux-logos\/\" \/>\n<meta property=\"og:site_name\" content=\"EOLE\" \/>\n<meta property=\"article:published_time\" content=\"2015-06-09T12:39:37+00:00\" \/>\n<meta property=\"article:modified_time\" content=\"2015-07-01T08:36:09+00:00\" \/>\n<meta name=\"author\" content=\"Luc Bourdot\" \/>\n<meta name=\"twitter:card\" content=\"summary_large_image\" \/>\n<meta name=\"twitter:creator\" content=\"@PoleEole\" \/>\n<meta name=\"twitter:site\" content=\"@PoleEole\" \/>\n<meta name=\"twitter:label1\" content=\"\u00c9crit par\" \/>\n\t<meta name=\"twitter:data1\" content=\"Luc Bourdot\" \/>\n\t<meta name=\"twitter:label2\" content=\"Dur\u00e9e de lecture estim\u00e9e\" \/>\n\t<meta name=\"twitter:data2\" content=\"1 minute\" \/>\n<script type=\"application\/ld+json\" class=\"yoast-schema-graph\">{\"@context\":\"https:\/\/schema.org\",\"@graph\":[{\"@type\":\"Article\",\"@id\":\"https:\/\/pcll.ac-dijon.fr\/eole\/nouveaux-logos\/#article\",\"isPartOf\":{\"@id\":\"https:\/\/pcll.ac-dijon.fr\/eole\/nouveaux-logos\/\"},\"author\":{\"name\":\"Luc Bourdot\",\"@id\":\"https:\/\/pcll.ac-dijon.fr\/eole\/#\/schema\/person\/44c4b111638ca2a22e7d76fd9a48f25e\"},\"headline\":\"Nouveaux logos !\",\"datePublished\":\"2015-06-09T12:39:37+00:00\",\"dateModified\":\"2015-07-01T08:36:09+00:00\",\"mainEntityOfPage\":{\"@id\":\"https:\/\/pcll.ac-dijon.fr\/eole\/nouveaux-logos\/\"},\"wordCount\":112,\"image\":{\"@id\":\"https:\/\/pcll.ac-dijon.fr\/eole\/nouveaux-logos\/#primaryimage\"},\"thumbnailUrl\":\"https:\/\/platon.ac-dijon.fr\/wordpress\/wp-content\/uploads\/2015\/04\/logoEoleMai.png\",\"articleSection\":[\"\u00c9v\u00e9nements\"],\"inLanguage\":\"fr-FR\"},{\"@type\":\"WebPage\",\"@id\":\"https:\/\/pcll.ac-dijon.fr\/eole\/nouveaux-logos\/\",\"url\":\"https:\/\/pcll.ac-dijon.fr\/eole\/nouveaux-logos\/\",\"name\":\"Nouveaux logos pour Eole et le P\u00f4le Logiciels Libres\",\"isPartOf\":{\"@id\":\"https:\/\/pcll.ac-dijon.fr\/eole\/#website\"},\"primaryImageOfPage\":{\"@id\":\"https:\/\/pcll.ac-dijon.fr\/eole\/nouveaux-logos\/#primaryimage\"},\"image\":{\"@id\":\"https:\/\/pcll.ac-dijon.fr\/eole\/nouveaux-logos\/#primaryimage\"},\"thumbnailUrl\":\"https:\/\/platon.ac-dijon.fr\/wordpress\/wp-content\/uploads\/2015\/04\/logoEoleMai.png\",\"datePublished\":\"2015-06-09T12:39:37+00:00\",\"dateModified\":\"2015-07-01T08:36:09+00:00\",\"author\":{\"@id\":\"https:\/\/pcll.ac-dijon.fr\/eole\/#\/schema\/person\/44c4b111638ca2a22e7d76fd9a48f25e\"},\"breadcrumb\":{\"@id\":\"https:\/\/pcll.ac-dijon.fr\/eole\/nouveaux-logos\/#breadcrumb\"},\"inLanguage\":\"fr-FR\",\"potentialAction\":[{\"@type\":\"ReadAction\",\"target\":[\"https:\/\/pcll.ac-dijon.fr\/eole\/nouveaux-logos\/\"]}]},{\"@type\":\"ImageObject\",\"inLanguage\":\"fr-FR\",\"@id\":\"https:\/\/pcll.ac-dijon.fr\/eole\/nouveaux-logos\/#primaryimage\",\"url\":\"https:\/\/platon.ac-dijon.fr\/wordpress\/wp-content\/uploads\/2015\/04\/logoEoleMai.png\",\"contentUrl\":\"https:\/\/platon.ac-dijon.fr\/wordpress\/wp-content\/uploads\/2015\/04\/logoEoleMai.png\"},{\"@type\":\"BreadcrumbList\",\"@id\":\"https:\/\/pcll.ac-dijon.fr\/eole\/nouveaux-logos\/#breadcrumb\",\"itemListElement\":[{\"@type\":\"ListItem\",\"position\":1,\"name\":\"Accueil\",\"item\":\"https:\/\/pcll.ac-dijon.fr\/eole\/\"},{\"@type\":\"ListItem\",\"position\":2,\"name\":\"Nouveaux logos !\"}]},{\"@type\":\"WebSite\",\"@id\":\"https:\/\/pcll.ac-dijon.fr\/eole\/#website\",\"url\":\"https:\/\/pcll.ac-dijon.fr\/eole\/\",\"name\":\"EOLE\",\"description\":\"Ensemble Ouvert Libre Evolutif\",\"potentialAction\":[{\"@type\":\"SearchAction\",\"target\":{\"@type\":\"EntryPoint\",\"urlTemplate\":\"https:\/\/pcll.ac-dijon.fr\/eole\/?s={search_term_string}\"},\"query-input\":{\"@type\":\"PropertyValueSpecification\",\"valueRequired\":true,\"valueName\":\"search_term_string\"}}],\"inLanguage\":\"fr-FR\"},{\"@type\":\"Person\",\"@id\":\"https:\/\/pcll.ac-dijon.fr\/eole\/#\/schema\/person\/44c4b111638ca2a22e7d76fd9a48f25e\",\"name\":\"Luc Bourdot\",\"image\":{\"@type\":\"ImageObject\",\"inLanguage\":\"fr-FR\",\"@id\":\"https:\/\/pcll.ac-dijon.fr\/eole\/#\/schema\/person\/image\/\",\"url\":\"https:\/\/secure.gravatar.com\/avatar\/a5d9e34243af9ae99addd072493e93573f7be7e07903fe5e1a0e4e2c688f0739?s=96&d=mm&r=g\",\"contentUrl\":\"https:\/\/secure.gravatar.com\/avatar\/a5d9e34243af9ae99addd072493e93573f7be7e07903fe5e1a0e4e2c688f0739?s=96&d=mm&r=g\",\"caption\":\"Luc Bourdot\"},\"url\":\"https:\/\/pcll.ac-dijon.fr\/eole\/author\/admin-eole\/\"}]}<\/script>\n<!-- \/ Yoast SEO plugin. -->","yoast_head_json":{"title":"Nouveaux logos pour Eole et le P\u00f4le Logiciels Libres","robots":{"index":"index","follow":"follow","max-snippet":"max-snippet:-1","max-image-preview":"max-image-preview:large","max-video-preview":"max-video-preview:-1"},"canonical":"https:\/\/pcll.ac-dijon.fr\/eole\/nouveaux-logos\/","og_locale":"fr_FR","og_type":"article","og_title":"Nouveaux logos pour Eole et le P\u00f4le Logiciels Libres","og_description":"Le p\u00f4le de Comp\u00e9tence Logiciels Libres est heureux de vous annoncer ses deux nouveaux logos. Le premier changement concerne le logo EOLE. Celui-ci \u00e9tant en place depuis plusieurs ann\u00e9e, il a permis \u00e0 de nombreuses personnes de le voir, de le m\u00e9moriser et de l&rsquo;associer \u00e0 l&rsquo;\u00e9quipe en charge du d\u00e9veloppement. Une refonte, l\u00e9g\u00e8re mais [&hellip;]","og_url":"https:\/\/pcll.ac-dijon.fr\/eole\/nouveaux-logos\/","og_site_name":"EOLE","article_published_time":"2015-06-09T12:39:37+00:00","article_modified_time":"2015-07-01T08:36:09+00:00","author":"Luc Bourdot","twitter_card":"summary_large_image","twitter_creator":"@PoleEole","twitter_site":"@PoleEole","twitter_misc":{"\u00c9crit par":"Luc Bourdot","Dur\u00e9e de lecture estim\u00e9e":"1 minute"},"schema":{"@context":"https:\/\/schema.org","@graph":[{"@type":"Article","@id":"https:\/\/pcll.ac-dijon.fr\/eole\/nouveaux-logos\/#article","isPartOf":{"@id":"https:\/\/pcll.ac-dijon.fr\/eole\/nouveaux-logos\/"},"author":{"name":"Luc Bourdot","@id":"https:\/\/pcll.ac-dijon.fr\/eole\/#\/schema\/person\/44c4b111638ca2a22e7d76fd9a48f25e"},"headline":"Nouveaux logos !","datePublished":"2015-06-09T12:39:37+00:00","dateModified":"2015-07-01T08:36:09+00:00","mainEntityOfPage":{"@id":"https:\/\/pcll.ac-dijon.fr\/eole\/nouveaux-logos\/"},"wordCount":112,"image":{"@id":"https:\/\/pcll.ac-dijon.fr\/eole\/nouveaux-logos\/#primaryimage"},"thumbnailUrl":"https:\/\/platon.ac-dijon.fr\/wordpress\/wp-content\/uploads\/2015\/04\/logoEoleMai.png","articleSection":["\u00c9v\u00e9nements"],"inLanguage":"fr-FR"},{"@type":"WebPage","@id":"https:\/\/pcll.ac-dijon.fr\/eole\/nouveaux-logos\/","url":"https:\/\/pcll.ac-dijon.fr\/eole\/nouveaux-logos\/","name":"Nouveaux logos pour Eole et le P\u00f4le Logiciels Libres","isPartOf":{"@id":"https:\/\/pcll.ac-dijon.fr\/eole\/#website"},"primaryImageOfPage":{"@id":"https:\/\/pcll.ac-dijon.fr\/eole\/nouveaux-logos\/#primaryimage"},"image":{"@id":"https:\/\/pcll.ac-dijon.fr\/eole\/nouveaux-logos\/#primaryimage"},"thumbnailUrl":"https:\/\/platon.ac-dijon.fr\/wordpress\/wp-content\/uploads\/2015\/04\/logoEoleMai.png","datePublished":"2015-06-09T12:39:37+00:00","dateModified":"2015-07-01T08:36:09+00:00","author":{"@id":"https:\/\/pcll.ac-dijon.fr\/eole\/#\/schema\/person\/44c4b111638ca2a22e7d76fd9a48f25e"},"breadcrumb":{"@id":"https:\/\/pcll.ac-dijon.fr\/eole\/nouveaux-logos\/#breadcrumb"},"inLanguage":"fr-FR","potentialAction":[{"@type":"ReadAction","target":["https:\/\/pcll.ac-dijon.fr\/eole\/nouveaux-logos\/"]}]},{"@type":"ImageObject","inLanguage":"fr-FR","@id":"https:\/\/pcll.ac-dijon.fr\/eole\/nouveaux-logos\/#primaryimage","url":"https:\/\/platon.ac-dijon.fr\/wordpress\/wp-content\/uploads\/2015\/04\/logoEoleMai.png","contentUrl":"https:\/\/platon.ac-dijon.fr\/wordpress\/wp-content\/uploads\/2015\/04\/logoEoleMai.png"},{"@type":"BreadcrumbList","@id":"https:\/\/pcll.ac-dijon.fr\/eole\/nouveaux-logos\/#breadcrumb","itemListElement":[{"@type":"ListItem","position":1,"name":"Accueil","item":"https:\/\/pcll.ac-dijon.fr\/eole\/"},{"@type":"ListItem","position":2,"name":"Nouveaux logos !"}]},{"@type":"WebSite","@id":"https:\/\/pcll.ac-dijon.fr\/eole\/#website","url":"https:\/\/pcll.ac-dijon.fr\/eole\/","name":"EOLE","description":"Ensemble Ouvert Libre Evolutif","potentialAction":[{"@type":"SearchAction","target":{"@type":"EntryPoint","urlTemplate":"https:\/\/pcll.ac-dijon.fr\/eole\/?s={search_term_string}"},"query-input":{"@type":"PropertyValueSpecification","valueRequired":true,"valueName":"search_term_string"}}],"inLanguage":"fr-FR"},{"@type":"Person","@id":"https:\/\/pcll.ac-dijon.fr\/eole\/#\/schema\/person\/44c4b111638ca2a22e7d76fd9a48f25e","name":"Luc Bourdot","image":{"@type":"ImageObject","inLanguage":"fr-FR","@id":"https:\/\/pcll.ac-dijon.fr\/eole\/#\/schema\/person\/image\/","url":"https:\/\/secure.gravatar.com\/avatar\/a5d9e34243af9ae99addd072493e93573f7be7e07903fe5e1a0e4e2c688f0739?s=96&d=mm&r=g","contentUrl":"https:\/\/secure.gravatar.com\/avatar\/a5d9e34243af9ae99addd072493e93573f7be7e07903fe5e1a0e4e2c688f0739?s=96&d=mm&r=g","caption":"Luc Bourdot"},"url":"https:\/\/pcll.ac-dijon.fr\/eole\/author\/admin-eole\/"}]}},"jetpack_featured_media_url":"","_links":{"self":[{"href":"https:\/\/pcll.ac-dijon.fr\/eole\/wp-json\/wp\/v2\/posts\/432","targetHints":{"allow":["GET"]}}],"collection":[{"href":"https:\/\/pcll.ac-dijon.fr\/eole\/wp-json\/wp\/v2\/posts"}],"about":[{"href":"https:\/\/pcll.ac-dijon.fr\/eole\/wp-json\/wp\/v2\/types\/post"}],"author":[{"embeddable":true,"href":"https:\/\/pcll.ac-dijon.fr\/eole\/wp-json\/wp\/v2\/users\/1"}],"replies":[{"embeddable":true,"href":"https:\/\/pcll.ac-dijon.fr\/eole\/wp-json\/wp\/v2\/comments?post=432"}],"version-history":[{"count":2,"href":"https:\/\/pcll.ac-dijon.fr\/eole\/wp-json\/wp\/v2\/posts\/432\/revisions"}],"predecessor-version":[{"id":547,"href":"https:\/\/pcll.ac-dijon.fr\/eole\/wp-json\/wp\/v2\/posts\/432\/revisions\/547"}],"wp:attachment":[{"href":"https:\/\/pcll.ac-dijon.fr\/eole\/wp-json\/wp\/v2\/media?parent=432"}],"wp:term":[{"taxonomy":"category","embeddable":true,"href":"https:\/\/pcll.ac-dijon.fr\/eole\/wp-json\/wp\/v2\/categories?post=432"},{"taxonomy":"post_tag","embeddable":true,"href":"https:\/\/pcll.ac-dijon.fr\/eole\/wp-json\/wp\/v2\/tags?post=432"}],"curies":[{"name":"wp","href":"https:\/\/api.w.org\/{rel}","templated":true}]}}