{"id":4060,"date":"2022-12-12T16:20:20","date_gmt":"2022-12-12T15:20:20","guid":{"rendered":"https:\/\/pcll.ac-dijon.fr\/eole\/?p=4060"},"modified":"2022-12-14T11:38:39","modified_gmt":"2022-12-14T10:38:39","slug":"annonce-de-eole-2-9-0-rc-3","status":"publish","type":"post","link":"https:\/\/pcll.ac-dijon.fr\/eole\/annonce-de-eole-2-9-0-rc-3\/","title":{"rendered":"Annonce de EOLE 2.9.0 RC 3"},"content":{"rendered":"\n<p>La version 2.9.0 RC-3 de la distribution EOLE est disponible. <\/p>\n\n\n\n<p>Il s&rsquo;agit d&rsquo;une <strong>version candidate<\/strong> pour exp\u00e9rimenter les nouvelles fonctionnalit\u00e9s.<\/p>\n\n\n\n<p>La version Stable est pr\u00e9vue pour d\u00e9but 2023.<\/p>\n\n\n\n<p>Elle s&rsquo;appuie sur la distribution GNU\/Linux Ubuntu 22.04 LTS nomm\u00e9e \u00e9galement Jammy Jellyfish.<\/p>\n\n\n\n<p>Ubuntu 22.04 LTS est disponible depuis le 26 avril 2022. Portant le label LTS, cette version est soutenue et mise \u00e0 jour pendant une dur\u00e9e de cinq ans, son support s&rsquo;arr\u00eatera donc en avril 2027.<\/p>\n\n\n\n<h2 class=\"wp-block-heading\">\u00c9volutions apport\u00e9es par la version 2.9.0<\/h2>\n\n\n\n<p>Dans cette livraison, les modules Amon, AmonEcole, Scribe, Seth, Thot, Seshat, et Z\u00e9phir ont \u00e9t\u00e9 mis \u00e0 jour.<\/p>\n\n\n\n<p>L&rsquo;installeur depuis l&rsquo;ISO est maintenant en mode \u00ab\u00a0livecd\u00a0\u00bb. Il n\u00e9cessite un acc\u00e8s internet pour pouvoir r\u00e9aliser l&rsquo;installation d&rsquo;un module EOLE.<\/p>\n\n\n\n<p>L&rsquo;installation se fait en mode UEFI. Il n&rsquo;y a plus d&rsquo;installation possible en mode BIOS. Ce point est important pour toutes les installations en machine virtuelle.<\/p>\n\n\n\n<h3 class=\"wp-block-heading\">T\u00e9l\u00e9chargement<\/h3>\n\n\n\n<p>L&rsquo;image ISO est disponible en t\u00e9l\u00e9chargement, seule l&rsquo;architecture AMD64 est support\u00e9e :<\/p>\n\n\n\n<p><a href=\"http:\/\/eole.ac-dijon.fr\/pub\/iso\/EOLE-2.9\/2.9.0rc3\/\">http:\/\/eole.ac-dijon.fr\/pub\/iso\/EOLE-2.9\/2.9.0rc3\/<\/a><\/p>\n\n\n\n<h2 class=\"wp-block-heading\">Documentation<\/h2>\n\n\n\n<p>Les documentations ont \u00e9t\u00e9 mises \u00e0 jour pour cette nouvelle version : <a href=\"http:\/\/eole.ac-dijon.fr\/documentations\/2.9\/\">http:\/\/eole.ac-dijon.fr\/documentations\/2.9\/<\/a>.<\/p>\n\n\n\n<p>La documentation <a href=\"http:\/\/eole.ac-dijon.fr\/documentations\/2.9\/completes\/PDF\/EOLE.pdf\">EOLE.pdf<\/a> contient l&rsquo;historique du projet et des versions, la mise en \u0153uvre et quelques g\u00e9n\u00e9ralit\u00e9s sur la m\u00e9ta-distribution GNU\/Linux EOLE.<\/p>\n\n\n\n<h2 class=\"wp-block-heading\">Participer<\/h2>\n\n\n\n<p>Vous pouvez participer en demandant des \u00e9volutions ou signaler des erreurs, pour ce faire r\u00e9f\u00e9rez-vous au <a href=\"http:\/\/eole.ac-dijon.fr\/documentations\/2.7\/completes\/HTML\/GuideDeSurvie\/co\/GuideDeSurvie.html\">Guide de Survie<\/a> du projet.<\/p>\n\n\n\n<p>Il est possible d&rsquo;effectuer des remont\u00e9es aux travers des diff\u00e9rentes listes de discussion du projet EOLE.<\/p>\n\n\n\n<p>Pour les anomalies av\u00e9r\u00e9es et les \u00e9volutions souhait\u00e9es, il vous sera demand\u00e9 de saisir une demande dans la forge \u00e0 l&rsquo;adresse suivante&nbsp;: <a href=\"http:\/\/dev-eole.ac-dijon.fr\/projects\/modules-eole\/issues\/new\" target=\"_blank\" rel=\"noreferrer noopener\">http:\/\/dev-eole.ac-dijon.fr\/projects\/modules-eole\/issues\/new<\/a>.<\/p>\n","protected":false},"excerpt":{"rendered":"<p>La version candidate 2.9.0 de la distribution EOLE est disponible.<\/p>\n","protected":false},"author":8,"featured_media":0,"comment_status":"closed","ping_status":"open","sticky":false,"template":"","format":"standard","meta":{"_acf_changed":false,"footnotes":""},"categories":[29],"tags":[167,168,144,126],"class_list":["post-4060","post","type-post","status-publish","format-standard","hentry","category-annonce","tag-eole-2-9","tag-eole-2-9-0","tag-python-3","tag-scribead"],"acf":[],"yoast_head":"<!-- This site is optimized with the Yoast SEO plugin v27.1.1 - https:\/\/yoast.com\/product\/yoast-seo-wordpress\/ -->\n<title>Annonce de EOLE 2.9.0 RC 3 - EOLE<\/title>\n<meta name=\"description\" content=\"EOLE 2.8.0 est disponible. La distribution EOLE bascule sur Ubuntu Focal et Python 3\" \/>\n<meta name=\"robots\" content=\"index, follow, max-snippet:-1, max-image-preview:large, max-video-preview:-1\" \/>\n<link rel=\"canonical\" href=\"https:\/\/pcll.ac-dijon.fr\/eole\/annonce-de-eole-2-9-0-rc-3\/\" \/>\n<meta property=\"og:locale\" content=\"fr_FR\" \/>\n<meta property=\"og:type\" content=\"article\" \/>\n<meta property=\"og:title\" content=\"Annonce de EOLE 2.9.0 RC 3 - EOLE\" \/>\n<meta property=\"og:description\" content=\"EOLE 2.8.0 est disponible. La distribution EOLE bascule sur Ubuntu Focal et Python 3\" \/>\n<meta property=\"og:url\" content=\"https:\/\/pcll.ac-dijon.fr\/eole\/annonce-de-eole-2-9-0-rc-3\/\" \/>\n<meta property=\"og:site_name\" content=\"EOLE\" \/>\n<meta property=\"article:published_time\" content=\"2022-12-12T15:20:20+00:00\" \/>\n<meta property=\"article:modified_time\" content=\"2022-12-14T10:38:39+00:00\" \/>\n<meta name=\"author\" content=\"Gilles Grandg\u00e9rard\" \/>\n<meta name=\"twitter:card\" content=\"summary_large_image\" \/>\n<meta name=\"twitter:creator\" content=\"@PoleEole\" \/>\n<meta name=\"twitter:site\" content=\"@PoleEole\" \/>\n<meta name=\"twitter:label1\" content=\"\u00c9crit par\" \/>\n\t<meta name=\"twitter:data1\" content=\"Gilles Grandg\u00e9rard\" \/>\n\t<meta name=\"twitter:label2\" content=\"Dur\u00e9e de lecture estim\u00e9e\" \/>\n\t<meta name=\"twitter:data2\" content=\"1 minute\" \/>\n<script type=\"application\/ld+json\" class=\"yoast-schema-graph\">{\"@context\":\"https:\/\/schema.org\",\"@graph\":[{\"@type\":\"Article\",\"@id\":\"https:\/\/pcll.ac-dijon.fr\/eole\/annonce-de-eole-2-9-0-rc-3\/#article\",\"isPartOf\":{\"@id\":\"https:\/\/pcll.ac-dijon.fr\/eole\/annonce-de-eole-2-9-0-rc-3\/\"},\"author\":{\"name\":\"Gilles Grandg\u00e9rard\",\"@id\":\"https:\/\/pcll.ac-dijon.fr\/eole\/#\/schema\/person\/4064f1008c2fb4eb64c5283b13a0b660\"},\"headline\":\"Annonce de EOLE 2.9.0 RC 3\",\"datePublished\":\"2022-12-12T15:20:20+00:00\",\"dateModified\":\"2022-12-14T10:38:39+00:00\",\"mainEntityOfPage\":{\"@id\":\"https:\/\/pcll.ac-dijon.fr\/eole\/annonce-de-eole-2-9-0-rc-3\/\"},\"wordCount\":297,\"keywords\":[\"EOLE 2.9\",\"Eole 2.9.0\",\"Python 3\",\"ScribeAD\"],\"articleSection\":[\"Annonce\"],\"inLanguage\":\"fr-FR\"},{\"@type\":\"WebPage\",\"@id\":\"https:\/\/pcll.ac-dijon.fr\/eole\/annonce-de-eole-2-9-0-rc-3\/\",\"url\":\"https:\/\/pcll.ac-dijon.fr\/eole\/annonce-de-eole-2-9-0-rc-3\/\",\"name\":\"Annonce de EOLE 2.9.0 RC 3 - EOLE\",\"isPartOf\":{\"@id\":\"https:\/\/pcll.ac-dijon.fr\/eole\/#website\"},\"datePublished\":\"2022-12-12T15:20:20+00:00\",\"dateModified\":\"2022-12-14T10:38:39+00:00\",\"author\":{\"@id\":\"https:\/\/pcll.ac-dijon.fr\/eole\/#\/schema\/person\/4064f1008c2fb4eb64c5283b13a0b660\"},\"description\":\"EOLE 2.8.0 est disponible. La distribution EOLE bascule sur Ubuntu Focal et Python 3\",\"breadcrumb\":{\"@id\":\"https:\/\/pcll.ac-dijon.fr\/eole\/annonce-de-eole-2-9-0-rc-3\/#breadcrumb\"},\"inLanguage\":\"fr-FR\",\"potentialAction\":[{\"@type\":\"ReadAction\",\"target\":[\"https:\/\/pcll.ac-dijon.fr\/eole\/annonce-de-eole-2-9-0-rc-3\/\"]}]},{\"@type\":\"BreadcrumbList\",\"@id\":\"https:\/\/pcll.ac-dijon.fr\/eole\/annonce-de-eole-2-9-0-rc-3\/#breadcrumb\",\"itemListElement\":[{\"@type\":\"ListItem\",\"position\":1,\"name\":\"Accueil\",\"item\":\"https:\/\/pcll.ac-dijon.fr\/eole\/\"},{\"@type\":\"ListItem\",\"position\":2,\"name\":\"Annonce de EOLE 2.9.0 RC 3\"}]},{\"@type\":\"WebSite\",\"@id\":\"https:\/\/pcll.ac-dijon.fr\/eole\/#website\",\"url\":\"https:\/\/pcll.ac-dijon.fr\/eole\/\",\"name\":\"EOLE\",\"description\":\"Ensemble Ouvert Libre Evolutif\",\"potentialAction\":[{\"@type\":\"SearchAction\",\"target\":{\"@type\":\"EntryPoint\",\"urlTemplate\":\"https:\/\/pcll.ac-dijon.fr\/eole\/?s={search_term_string}\"},\"query-input\":{\"@type\":\"PropertyValueSpecification\",\"valueRequired\":true,\"valueName\":\"search_term_string\"}}],\"inLanguage\":\"fr-FR\"},{\"@type\":\"Person\",\"@id\":\"https:\/\/pcll.ac-dijon.fr\/eole\/#\/schema\/person\/4064f1008c2fb4eb64c5283b13a0b660\",\"name\":\"Gilles Grandg\u00e9rard\",\"image\":{\"@type\":\"ImageObject\",\"inLanguage\":\"fr-FR\",\"@id\":\"https:\/\/pcll.ac-dijon.fr\/eole\/#\/schema\/person\/image\/\",\"url\":\"https:\/\/secure.gravatar.com\/avatar\/fc3739f888a579f49338911b24e0d5c1f4233823f71bd1829e1e3929678b6128?s=96&d=mm&r=g\",\"contentUrl\":\"https:\/\/secure.gravatar.com\/avatar\/fc3739f888a579f49338911b24e0d5c1f4233823f71bd1829e1e3929678b6128?s=96&d=mm&r=g\",\"caption\":\"Gilles Grandg\u00e9rard\"},\"url\":\"https:\/\/pcll.ac-dijon.fr\/eole\/author\/gilles\/\"}]}<\/script>\n<!-- \/ Yoast SEO plugin. -->","yoast_head_json":{"title":"Annonce de EOLE 2.9.0 RC 3 - EOLE","description":"EOLE 2.8.0 est disponible. La distribution EOLE bascule sur Ubuntu Focal et Python 3","robots":{"index":"index","follow":"follow","max-snippet":"max-snippet:-1","max-image-preview":"max-image-preview:large","max-video-preview":"max-video-preview:-1"},"canonical":"https:\/\/pcll.ac-dijon.fr\/eole\/annonce-de-eole-2-9-0-rc-3\/","og_locale":"fr_FR","og_type":"article","og_title":"Annonce de EOLE 2.9.0 RC 3 - EOLE","og_description":"EOLE 2.8.0 est disponible. La distribution EOLE bascule sur Ubuntu Focal et Python 3","og_url":"https:\/\/pcll.ac-dijon.fr\/eole\/annonce-de-eole-2-9-0-rc-3\/","og_site_name":"EOLE","article_published_time":"2022-12-12T15:20:20+00:00","article_modified_time":"2022-12-14T10:38:39+00:00","author":"Gilles Grandg\u00e9rard","twitter_card":"summary_large_image","twitter_creator":"@PoleEole","twitter_site":"@PoleEole","twitter_misc":{"\u00c9crit par":"Gilles Grandg\u00e9rard","Dur\u00e9e de lecture estim\u00e9e":"1 minute"},"schema":{"@context":"https:\/\/schema.org","@graph":[{"@type":"Article","@id":"https:\/\/pcll.ac-dijon.fr\/eole\/annonce-de-eole-2-9-0-rc-3\/#article","isPartOf":{"@id":"https:\/\/pcll.ac-dijon.fr\/eole\/annonce-de-eole-2-9-0-rc-3\/"},"author":{"name":"Gilles Grandg\u00e9rard","@id":"https:\/\/pcll.ac-dijon.fr\/eole\/#\/schema\/person\/4064f1008c2fb4eb64c5283b13a0b660"},"headline":"Annonce de EOLE 2.9.0 RC 3","datePublished":"2022-12-12T15:20:20+00:00","dateModified":"2022-12-14T10:38:39+00:00","mainEntityOfPage":{"@id":"https:\/\/pcll.ac-dijon.fr\/eole\/annonce-de-eole-2-9-0-rc-3\/"},"wordCount":297,"keywords":["EOLE 2.9","Eole 2.9.0","Python 3","ScribeAD"],"articleSection":["Annonce"],"inLanguage":"fr-FR"},{"@type":"WebPage","@id":"https:\/\/pcll.ac-dijon.fr\/eole\/annonce-de-eole-2-9-0-rc-3\/","url":"https:\/\/pcll.ac-dijon.fr\/eole\/annonce-de-eole-2-9-0-rc-3\/","name":"Annonce de EOLE 2.9.0 RC 3 - EOLE","isPartOf":{"@id":"https:\/\/pcll.ac-dijon.fr\/eole\/#website"},"datePublished":"2022-12-12T15:20:20+00:00","dateModified":"2022-12-14T10:38:39+00:00","author":{"@id":"https:\/\/pcll.ac-dijon.fr\/eole\/#\/schema\/person\/4064f1008c2fb4eb64c5283b13a0b660"},"description":"EOLE 2.8.0 est disponible. La distribution EOLE bascule sur Ubuntu Focal et Python 3","breadcrumb":{"@id":"https:\/\/pcll.ac-dijon.fr\/eole\/annonce-de-eole-2-9-0-rc-3\/#breadcrumb"},"inLanguage":"fr-FR","potentialAction":[{"@type":"ReadAction","target":["https:\/\/pcll.ac-dijon.fr\/eole\/annonce-de-eole-2-9-0-rc-3\/"]}]},{"@type":"BreadcrumbList","@id":"https:\/\/pcll.ac-dijon.fr\/eole\/annonce-de-eole-2-9-0-rc-3\/#breadcrumb","itemListElement":[{"@type":"ListItem","position":1,"name":"Accueil","item":"https:\/\/pcll.ac-dijon.fr\/eole\/"},{"@type":"ListItem","position":2,"name":"Annonce de EOLE 2.9.0 RC 3"}]},{"@type":"WebSite","@id":"https:\/\/pcll.ac-dijon.fr\/eole\/#website","url":"https:\/\/pcll.ac-dijon.fr\/eole\/","name":"EOLE","description":"Ensemble Ouvert Libre Evolutif","potentialAction":[{"@type":"SearchAction","target":{"@type":"EntryPoint","urlTemplate":"https:\/\/pcll.ac-dijon.fr\/eole\/?s={search_term_string}"},"query-input":{"@type":"PropertyValueSpecification","valueRequired":true,"valueName":"search_term_string"}}],"inLanguage":"fr-FR"},{"@type":"Person","@id":"https:\/\/pcll.ac-dijon.fr\/eole\/#\/schema\/person\/4064f1008c2fb4eb64c5283b13a0b660","name":"Gilles Grandg\u00e9rard","image":{"@type":"ImageObject","inLanguage":"fr-FR","@id":"https:\/\/pcll.ac-dijon.fr\/eole\/#\/schema\/person\/image\/","url":"https:\/\/secure.gravatar.com\/avatar\/fc3739f888a579f49338911b24e0d5c1f4233823f71bd1829e1e3929678b6128?s=96&d=mm&r=g","contentUrl":"https:\/\/secure.gravatar.com\/avatar\/fc3739f888a579f49338911b24e0d5c1f4233823f71bd1829e1e3929678b6128?s=96&d=mm&r=g","caption":"Gilles Grandg\u00e9rard"},"url":"https:\/\/pcll.ac-dijon.fr\/eole\/author\/gilles\/"}]}},"jetpack_featured_media_url":"","_links":{"self":[{"href":"https:\/\/pcll.ac-dijon.fr\/eole\/wp-json\/wp\/v2\/posts\/4060","targetHints":{"allow":["GET"]}}],"collection":[{"href":"https:\/\/pcll.ac-dijon.fr\/eole\/wp-json\/wp\/v2\/posts"}],"about":[{"href":"https:\/\/pcll.ac-dijon.fr\/eole\/wp-json\/wp\/v2\/types\/post"}],"author":[{"embeddable":true,"href":"https:\/\/pcll.ac-dijon.fr\/eole\/wp-json\/wp\/v2\/users\/8"}],"replies":[{"embeddable":true,"href":"https:\/\/pcll.ac-dijon.fr\/eole\/wp-json\/wp\/v2\/comments?post=4060"}],"version-history":[{"count":7,"href":"https:\/\/pcll.ac-dijon.fr\/eole\/wp-json\/wp\/v2\/posts\/4060\/revisions"}],"predecessor-version":[{"id":4070,"href":"https:\/\/pcll.ac-dijon.fr\/eole\/wp-json\/wp\/v2\/posts\/4060\/revisions\/4070"}],"wp:attachment":[{"href":"https:\/\/pcll.ac-dijon.fr\/eole\/wp-json\/wp\/v2\/media?parent=4060"}],"wp:term":[{"taxonomy":"category","embeddable":true,"href":"https:\/\/pcll.ac-dijon.fr\/eole\/wp-json\/wp\/v2\/categories?post=4060"},{"taxonomy":"post_tag","embeddable":true,"href":"https:\/\/pcll.ac-dijon.fr\/eole\/wp-json\/wp\/v2\/tags?post=4060"}],"curies":[{"name":"wp","href":"https:\/\/api.w.org\/{rel}","templated":true}]}}