{"id":2288,"date":"2017-10-31T11:28:21","date_gmt":"2017-10-31T10:28:21","guid":{"rendered":"https:\/\/pcll.ac-dijon.fr\/eole\/?p=2288"},"modified":"2017-10-31T11:28:48","modified_gmt":"2017-10-31T10:28:48","slug":"ateliers-ouverts-eole-novembre-2017-a-nantes","status":"publish","type":"post","link":"https:\/\/pcll.ac-dijon.fr\/eole\/ateliers-ouverts-eole-novembre-2017-a-nantes\/","title":{"rendered":"Ateliers ouverts  EOLE Novembre 2017 \u00e0 Nantes"},"content":{"rendered":"<p>Cette ann\u00e9e les rencontres d\u00e9veloppeurs EOLE sont organis\u00e9es par le Minist\u00e8res de la Transition \u00e9cologique et Solidaire et de d\u00e9rouleront \u00e0 Nantes du 21au 23\u00a0 Novembre.<\/p>\n<p>Plus d&rsquo;informations : <a href=\"https:\/\/pcll.ac-dijon.fr\/pcll\/blog\/2017\/10\/ateliers-eole-novembre-2017-a-nantes\/\">https:\/\/pcll.ac-dijon.fr\/pcll\/blog\/2017\/10\/ateliers-eole-novembre-2017-a-nantes\/<\/a><\/p>\n","protected":false},"excerpt":{"rendered":"<p>Cette ann\u00e9e les rencontres d\u00e9veloppeurs EOLE sont organis\u00e9es par le Minist\u00e8res de la Transition \u00e9cologique et Solidaire et de d\u00e9rouleront \u00e0 Nantes du 21au 23\u00a0 Novembre. Plus d&rsquo;informations : https:\/\/pcll.ac-dijon.fr\/pcll\/blog\/2017\/10\/ateliers-eole-novembre-2017-a-nantes\/<\/p>\n","protected":false},"author":1,"featured_media":0,"comment_status":"closed","ping_status":"open","sticky":false,"template":"","format":"standard","meta":{"_acf_changed":false,"footnotes":""},"categories":[1],"tags":[],"class_list":["post-2288","post","type-post","status-publish","format-standard","hentry","category-non-classe"],"acf":[],"yoast_head":"<!-- This site is optimized with the Yoast SEO plugin v27.1.1 - https:\/\/yoast.com\/product\/yoast-seo-wordpress\/ -->\n<title>Ateliers ouverts EOLE Novembre 2017 \u00e0 Nantes - EOLE<\/title>\n<meta name=\"robots\" content=\"index, follow, max-snippet:-1, max-image-preview:large, max-video-preview:-1\" \/>\n<link rel=\"canonical\" href=\"https:\/\/pcll.ac-dijon.fr\/eole\/ateliers-ouverts-eole-novembre-2017-a-nantes\/\" \/>\n<meta property=\"og:locale\" content=\"fr_FR\" \/>\n<meta property=\"og:type\" content=\"article\" \/>\n<meta property=\"og:title\" content=\"Ateliers ouverts EOLE Novembre 2017 \u00e0 Nantes - EOLE\" \/>\n<meta property=\"og:description\" content=\"Cette ann\u00e9e les rencontres d\u00e9veloppeurs EOLE sont organis\u00e9es par le Minist\u00e8res de la Transition \u00e9cologique et Solidaire et de d\u00e9rouleront \u00e0 Nantes du 21au 23\u00a0 Novembre. Plus d&rsquo;informations : https:\/\/pcll.ac-dijon.fr\/pcll\/blog\/2017\/10\/ateliers-eole-novembre-2017-a-nantes\/\" \/>\n<meta property=\"og:url\" content=\"https:\/\/pcll.ac-dijon.fr\/eole\/ateliers-ouverts-eole-novembre-2017-a-nantes\/\" \/>\n<meta property=\"og:site_name\" content=\"EOLE\" \/>\n<meta property=\"article:published_time\" content=\"2017-10-31T10:28:21+00:00\" \/>\n<meta property=\"article:modified_time\" content=\"2017-10-31T10:28:48+00:00\" \/>\n<meta name=\"author\" content=\"Luc Bourdot\" \/>\n<meta name=\"twitter:card\" content=\"summary_large_image\" \/>\n<meta name=\"twitter:creator\" content=\"@PoleEole\" \/>\n<meta name=\"twitter:site\" content=\"@PoleEole\" \/>\n<meta name=\"twitter:label1\" content=\"\u00c9crit par\" \/>\n\t<meta name=\"twitter:data1\" content=\"Luc Bourdot\" \/>\n<script type=\"application\/ld+json\" class=\"yoast-schema-graph\">{\"@context\":\"https:\/\/schema.org\",\"@graph\":[{\"@type\":\"Article\",\"@id\":\"https:\/\/pcll.ac-dijon.fr\/eole\/ateliers-ouverts-eole-novembre-2017-a-nantes\/#article\",\"isPartOf\":{\"@id\":\"https:\/\/pcll.ac-dijon.fr\/eole\/ateliers-ouverts-eole-novembre-2017-a-nantes\/\"},\"author\":{\"name\":\"Luc Bourdot\",\"@id\":\"https:\/\/pcll.ac-dijon.fr\/eole\/#\/schema\/person\/44c4b111638ca2a22e7d76fd9a48f25e\"},\"headline\":\"Ateliers ouverts EOLE Novembre 2017 \u00e0 Nantes\",\"datePublished\":\"2017-10-31T10:28:21+00:00\",\"dateModified\":\"2017-10-31T10:28:48+00:00\",\"mainEntityOfPage\":{\"@id\":\"https:\/\/pcll.ac-dijon.fr\/eole\/ateliers-ouverts-eole-novembre-2017-a-nantes\/\"},\"wordCount\":44,\"inLanguage\":\"fr-FR\"},{\"@type\":\"WebPage\",\"@id\":\"https:\/\/pcll.ac-dijon.fr\/eole\/ateliers-ouverts-eole-novembre-2017-a-nantes\/\",\"url\":\"https:\/\/pcll.ac-dijon.fr\/eole\/ateliers-ouverts-eole-novembre-2017-a-nantes\/\",\"name\":\"Ateliers ouverts EOLE Novembre 2017 \u00e0 Nantes - EOLE\",\"isPartOf\":{\"@id\":\"https:\/\/pcll.ac-dijon.fr\/eole\/#website\"},\"datePublished\":\"2017-10-31T10:28:21+00:00\",\"dateModified\":\"2017-10-31T10:28:48+00:00\",\"author\":{\"@id\":\"https:\/\/pcll.ac-dijon.fr\/eole\/#\/schema\/person\/44c4b111638ca2a22e7d76fd9a48f25e\"},\"breadcrumb\":{\"@id\":\"https:\/\/pcll.ac-dijon.fr\/eole\/ateliers-ouverts-eole-novembre-2017-a-nantes\/#breadcrumb\"},\"inLanguage\":\"fr-FR\",\"potentialAction\":[{\"@type\":\"ReadAction\",\"target\":[\"https:\/\/pcll.ac-dijon.fr\/eole\/ateliers-ouverts-eole-novembre-2017-a-nantes\/\"]}]},{\"@type\":\"BreadcrumbList\",\"@id\":\"https:\/\/pcll.ac-dijon.fr\/eole\/ateliers-ouverts-eole-novembre-2017-a-nantes\/#breadcrumb\",\"itemListElement\":[{\"@type\":\"ListItem\",\"position\":1,\"name\":\"Accueil\",\"item\":\"https:\/\/pcll.ac-dijon.fr\/eole\/\"},{\"@type\":\"ListItem\",\"position\":2,\"name\":\"Ateliers ouverts EOLE Novembre 2017 \u00e0 Nantes\"}]},{\"@type\":\"WebSite\",\"@id\":\"https:\/\/pcll.ac-dijon.fr\/eole\/#website\",\"url\":\"https:\/\/pcll.ac-dijon.fr\/eole\/\",\"name\":\"EOLE\",\"description\":\"Ensemble Ouvert Libre Evolutif\",\"potentialAction\":[{\"@type\":\"SearchAction\",\"target\":{\"@type\":\"EntryPoint\",\"urlTemplate\":\"https:\/\/pcll.ac-dijon.fr\/eole\/?s={search_term_string}\"},\"query-input\":{\"@type\":\"PropertyValueSpecification\",\"valueRequired\":true,\"valueName\":\"search_term_string\"}}],\"inLanguage\":\"fr-FR\"},{\"@type\":\"Person\",\"@id\":\"https:\/\/pcll.ac-dijon.fr\/eole\/#\/schema\/person\/44c4b111638ca2a22e7d76fd9a48f25e\",\"name\":\"Luc Bourdot\",\"image\":{\"@type\":\"ImageObject\",\"inLanguage\":\"fr-FR\",\"@id\":\"https:\/\/pcll.ac-dijon.fr\/eole\/#\/schema\/person\/image\/\",\"url\":\"https:\/\/secure.gravatar.com\/avatar\/a5d9e34243af9ae99addd072493e93573f7be7e07903fe5e1a0e4e2c688f0739?s=96&d=mm&r=g\",\"contentUrl\":\"https:\/\/secure.gravatar.com\/avatar\/a5d9e34243af9ae99addd072493e93573f7be7e07903fe5e1a0e4e2c688f0739?s=96&d=mm&r=g\",\"caption\":\"Luc Bourdot\"},\"url\":\"https:\/\/pcll.ac-dijon.fr\/eole\/author\/admin-eole\/\"}]}<\/script>\n<!-- \/ Yoast SEO plugin. -->","yoast_head_json":{"title":"Ateliers ouverts EOLE Novembre 2017 \u00e0 Nantes - EOLE","robots":{"index":"index","follow":"follow","max-snippet":"max-snippet:-1","max-image-preview":"max-image-preview:large","max-video-preview":"max-video-preview:-1"},"canonical":"https:\/\/pcll.ac-dijon.fr\/eole\/ateliers-ouverts-eole-novembre-2017-a-nantes\/","og_locale":"fr_FR","og_type":"article","og_title":"Ateliers ouverts EOLE Novembre 2017 \u00e0 Nantes - EOLE","og_description":"Cette ann\u00e9e les rencontres d\u00e9veloppeurs EOLE sont organis\u00e9es par le Minist\u00e8res de la Transition \u00e9cologique et Solidaire et de d\u00e9rouleront \u00e0 Nantes du 21au 23\u00a0 Novembre. Plus d&rsquo;informations : https:\/\/pcll.ac-dijon.fr\/pcll\/blog\/2017\/10\/ateliers-eole-novembre-2017-a-nantes\/","og_url":"https:\/\/pcll.ac-dijon.fr\/eole\/ateliers-ouverts-eole-novembre-2017-a-nantes\/","og_site_name":"EOLE","article_published_time":"2017-10-31T10:28:21+00:00","article_modified_time":"2017-10-31T10:28:48+00:00","author":"Luc Bourdot","twitter_card":"summary_large_image","twitter_creator":"@PoleEole","twitter_site":"@PoleEole","twitter_misc":{"\u00c9crit par":"Luc Bourdot"},"schema":{"@context":"https:\/\/schema.org","@graph":[{"@type":"Article","@id":"https:\/\/pcll.ac-dijon.fr\/eole\/ateliers-ouverts-eole-novembre-2017-a-nantes\/#article","isPartOf":{"@id":"https:\/\/pcll.ac-dijon.fr\/eole\/ateliers-ouverts-eole-novembre-2017-a-nantes\/"},"author":{"name":"Luc Bourdot","@id":"https:\/\/pcll.ac-dijon.fr\/eole\/#\/schema\/person\/44c4b111638ca2a22e7d76fd9a48f25e"},"headline":"Ateliers ouverts EOLE Novembre 2017 \u00e0 Nantes","datePublished":"2017-10-31T10:28:21+00:00","dateModified":"2017-10-31T10:28:48+00:00","mainEntityOfPage":{"@id":"https:\/\/pcll.ac-dijon.fr\/eole\/ateliers-ouverts-eole-novembre-2017-a-nantes\/"},"wordCount":44,"inLanguage":"fr-FR"},{"@type":"WebPage","@id":"https:\/\/pcll.ac-dijon.fr\/eole\/ateliers-ouverts-eole-novembre-2017-a-nantes\/","url":"https:\/\/pcll.ac-dijon.fr\/eole\/ateliers-ouverts-eole-novembre-2017-a-nantes\/","name":"Ateliers ouverts EOLE Novembre 2017 \u00e0 Nantes - EOLE","isPartOf":{"@id":"https:\/\/pcll.ac-dijon.fr\/eole\/#website"},"datePublished":"2017-10-31T10:28:21+00:00","dateModified":"2017-10-31T10:28:48+00:00","author":{"@id":"https:\/\/pcll.ac-dijon.fr\/eole\/#\/schema\/person\/44c4b111638ca2a22e7d76fd9a48f25e"},"breadcrumb":{"@id":"https:\/\/pcll.ac-dijon.fr\/eole\/ateliers-ouverts-eole-novembre-2017-a-nantes\/#breadcrumb"},"inLanguage":"fr-FR","potentialAction":[{"@type":"ReadAction","target":["https:\/\/pcll.ac-dijon.fr\/eole\/ateliers-ouverts-eole-novembre-2017-a-nantes\/"]}]},{"@type":"BreadcrumbList","@id":"https:\/\/pcll.ac-dijon.fr\/eole\/ateliers-ouverts-eole-novembre-2017-a-nantes\/#breadcrumb","itemListElement":[{"@type":"ListItem","position":1,"name":"Accueil","item":"https:\/\/pcll.ac-dijon.fr\/eole\/"},{"@type":"ListItem","position":2,"name":"Ateliers ouverts EOLE Novembre 2017 \u00e0 Nantes"}]},{"@type":"WebSite","@id":"https:\/\/pcll.ac-dijon.fr\/eole\/#website","url":"https:\/\/pcll.ac-dijon.fr\/eole\/","name":"EOLE","description":"Ensemble Ouvert Libre Evolutif","potentialAction":[{"@type":"SearchAction","target":{"@type":"EntryPoint","urlTemplate":"https:\/\/pcll.ac-dijon.fr\/eole\/?s={search_term_string}"},"query-input":{"@type":"PropertyValueSpecification","valueRequired":true,"valueName":"search_term_string"}}],"inLanguage":"fr-FR"},{"@type":"Person","@id":"https:\/\/pcll.ac-dijon.fr\/eole\/#\/schema\/person\/44c4b111638ca2a22e7d76fd9a48f25e","name":"Luc Bourdot","image":{"@type":"ImageObject","inLanguage":"fr-FR","@id":"https:\/\/pcll.ac-dijon.fr\/eole\/#\/schema\/person\/image\/","url":"https:\/\/secure.gravatar.com\/avatar\/a5d9e34243af9ae99addd072493e93573f7be7e07903fe5e1a0e4e2c688f0739?s=96&d=mm&r=g","contentUrl":"https:\/\/secure.gravatar.com\/avatar\/a5d9e34243af9ae99addd072493e93573f7be7e07903fe5e1a0e4e2c688f0739?s=96&d=mm&r=g","caption":"Luc Bourdot"},"url":"https:\/\/pcll.ac-dijon.fr\/eole\/author\/admin-eole\/"}]}},"jetpack_featured_media_url":"","_links":{"self":[{"href":"https:\/\/pcll.ac-dijon.fr\/eole\/wp-json\/wp\/v2\/posts\/2288","targetHints":{"allow":["GET"]}}],"collection":[{"href":"https:\/\/pcll.ac-dijon.fr\/eole\/wp-json\/wp\/v2\/posts"}],"about":[{"href":"https:\/\/pcll.ac-dijon.fr\/eole\/wp-json\/wp\/v2\/types\/post"}],"author":[{"embeddable":true,"href":"https:\/\/pcll.ac-dijon.fr\/eole\/wp-json\/wp\/v2\/users\/1"}],"replies":[{"embeddable":true,"href":"https:\/\/pcll.ac-dijon.fr\/eole\/wp-json\/wp\/v2\/comments?post=2288"}],"version-history":[{"count":1,"href":"https:\/\/pcll.ac-dijon.fr\/eole\/wp-json\/wp\/v2\/posts\/2288\/revisions"}],"predecessor-version":[{"id":2289,"href":"https:\/\/pcll.ac-dijon.fr\/eole\/wp-json\/wp\/v2\/posts\/2288\/revisions\/2289"}],"wp:attachment":[{"href":"https:\/\/pcll.ac-dijon.fr\/eole\/wp-json\/wp\/v2\/media?parent=2288"}],"wp:term":[{"taxonomy":"category","embeddable":true,"href":"https:\/\/pcll.ac-dijon.fr\/eole\/wp-json\/wp\/v2\/categories?post=2288"},{"taxonomy":"post_tag","embeddable":true,"href":"https:\/\/pcll.ac-dijon.fr\/eole\/wp-json\/wp\/v2\/tags?post=2288"}],"curies":[{"name":"wp","href":"https:\/\/api.w.org\/{rel}","templated":true}]}}